{"id":1535,"date":"2022-02-04T11:16:59","date_gmt":"2022-02-04T11:16:59","guid":{"rendered":"https:\/\/uks.eus\/?p=1535"},"modified":"2022-02-04T11:20:14","modified_gmt":"2022-02-04T11:20:14","slug":"vi-encuentros-sobre-fundamentalismos-inscribete","status":"publish","type":"post","link":"https:\/\/uks.eus\/es\/vi-encuentros-sobre-fundamentalismos-inscribete\/","title":{"rendered":"VI Encuentros sobre Fundamentalismos. \u00a1Inscr\u00edbete!"},"content":{"rendered":"<div class=\"the_content_wrapper\">\n<p>Estos VI Encuentros <strong>sobre el \u201cImpacto de los fundamentalismos pol\u00edticos, econ\u00f3micos, religiosos y culturales en los derechos sexuales y derechos reproductivos\u201d<\/strong>\u00a0se presentan como un espacio donde poder analizar el contexto pol\u00edtico actual y el papel que siguen jugando hoy d\u00eda los fundamentalismos en la vulneraci\u00f3n de las libertades y derechos de las personas. Entendemos los fundamentalismos en sus m\u00faltiples expresiones que defienden el pensamiento \u00fanico e inmutable como norma para la sociedad, y que tienen consecuencias nefastas para el ser humano en general y para el ejercicio de los derechos sexuales y los derechos reproductivos en particular.<\/p>\n<p>En el contexto actual de crisis sanitaria hemos podido comprobar que nunca lo local fue tan global ni lo global tan local. Diariamente somos testigos de una creciente y vergonzosa inequidad global\u00a0 y de un \u00a0contexto mundial de grandes polarizaciones, donde las extremas derechas manifiestan claros elementos comunes a trav\u00e9s de la defensa a ultranza de pol\u00edticas anti-g\u00e9nero, racistas, anti ecologistas y abiertamente contrarias a las libertades y derechos conquistados en las \u00faltimas d\u00e9cadas por las mujeres y por el colectivo LGTBIQ+.<\/p>\n<p>Por todo ello,\u00a0<strong>en colaboraci\u00f3n con las organizaciones feministas CREA de India y el Movimiento Manuela Ramos de Per\u00fa<\/strong>, estos Encuentros se presentan como un espacio para abordar los problemas sociopol\u00edticos m\u00e1s desafiantes de la actualidad y sus intersecciones con el feminismo y la lucha por los Derechos Humanos, analizando los diferentes factores sociales, pol\u00edticos y econ\u00f3micos que est\u00e1n detr\u00e1s de estos fundamentalismos, y amplificando aquellas voces que se oponen con firmeza a estas pr\u00e1cticas y discursos sociales.<\/p>\n<p>Entre los\u00a0<strong>objetivos<\/strong>\u00a0que se persiguen, se encuentran:<\/p>\n<ul>\n<li>Abordar los\u00a0<strong>problemas sociopol\u00edticos m\u00e1s desafiantes<\/strong>\u00a0de la actualidad, as\u00ed como sus intersecciones con el feminismo y la lucha por los Derecho Humanos, analizando los diferentes factores sociales, pol\u00edticos, religiosos y econ\u00f3micos que est\u00e1n detr\u00e1s de las posturas fundamentalistas.<\/li>\n<li>Acercar al p\u00fablico a la<strong>\u00a0lucha contra los fundamentalismos<\/strong>\u00a0a trav\u00e9s de las diversas estrategias feministas que, con el fin de hacerles frente, se est\u00e1n dando en las diferentes regiones del mundo.<\/li>\n<li>Visibilizar y amplificar el trabajo de\u00a0<strong>movimientos, organizaciones y redes<\/strong>\u00a0que trabajan a favor de los derechos sexuales y derechos reproductivos, con el fin de generar sinergias y estrategias de acci\u00f3n conjuntas.<\/li>\n<\/ul>\n<p>&nbsp;<\/p>\n<p><strong>DESTACADAS PONENTES INTERNACIONALES<\/strong><\/p>\n<\/div>\n<div class=\"the_content_wrapper\">\n<p>Otro de los fines de estas jornadas es acercar al p\u00fablico a la lucha contra los fundamentalismos a trav\u00e9s de las diversas estrategias feministas que, con el fin de hacerles frente, se est\u00e1n dando en las diferentes regiones del mundo. Para ello,\u00a0<strong>estos Encuentros se esfuerzan por traer<\/strong>\u00a0a Donostia en cada edici\u00f3n\u00a0<strong>a reconocidas especialistas y activistas a nivel internacional<\/strong>.\u00a0<strong>Este a\u00f1o tomar\u00e1n parte<\/strong>\u00a0reconocidos nombres como el de la activista y l\u00edder ind\u00edgena en la lucha por los recursos naturales\u00a0<strong>Laura Z\u00fa\u00f1iga C\u00e1ceres<\/strong>, hija de Berta C\u00e1ceres, asesinada en 2016;\u00a0<strong>Dorottya Redai<\/strong>, activista LGTBIQ en Hungr\u00eda y una de las y los 100 personajes m\u00e1s influyentes seg\u00fan Time 2021;\u00a0<strong>Massouda Kohistani<\/strong>, activista por los derechos de las mujeres y refugiada afgana;\u00a0<strong>Nalu de Faria<\/strong>, del Comit\u00e9 Internacional de la Marcha Mundial de las Mujeres.<\/p>\n<p><strong>\u00a1An\u00edmate a REPENSAR la pol\u00edtica y la resistencia, REIMAGINAR el cambio y la transformaci\u00f3n, y REINICIAR estrategias de lucha!<\/strong><\/p>\n<p><strong>\u00a1Te esperamos! La inscripci\u00f3n es gratuita. \u00a1PLAZAS LIMITADAS!<\/strong><\/p>\n<p><strong><a href=\"http:\/\/medicusmundigipuzkoa.eus\/wp-content\/uploads\/2022\/01\/6.-TOPAKETAK_ENCUENTROS.pdf\">Cartel<\/a><\/strong><\/p>\n<p><a href=\"http:\/\/medicusmundigipuzkoa.eus\/wp-content\/uploads\/2022\/01\/6.-ENCUENTROS.pdf\"><strong>Programa<\/strong><\/a><\/p>\n<p><a href=\"https:\/\/encuentrosfundamentalismos.nirestream.com\/\"><strong>INSCR\u00cdBETE PINCHANDO AQU\u00cd<\/strong><\/a><\/p>\n<\/div>\n","protected":false},"excerpt":{"rendered":"<p>Estos VI Encuentros sobre el \u201cImpacto de los fundamentalismos pol\u00edticos, econ\u00f3micos, religiosos y culturales en los derechos sexuales y derechos reproductivos\u201d\u00a0se presentan como un espacio donde poder analizar el contexto pol\u00edtico actual y el papel que siguen jugando hoy d\u00eda los fundamentalismos en la vulneraci\u00f3n de las libertades y derechos de las personas. Entendemos los [&hellip;]<\/p>\n","protected":false},"author":2,"featured_media":1534,"comment_status":"open","ping_status":"open","sticky":false,"template":"","format":"standard","meta":{"_acf_changed":false,"_genesis_hide_title":false,"_genesis_hide_breadcrumbs":false,"_genesis_hide_singular_image":false,"_genesis_hide_footer_widgets":false,"_genesis_custom_body_class":"","_genesis_custom_post_class":"","_genesis_layout":"","footnotes":""},"categories":[66,67,68,69,1],"tags":[],"class_list":{"0":"post-1535","1":"post","2":"type-post","3":"status-publish","4":"format-standard","5":"has-post-thumbnail","7":"category-cooperacion-es","8":"category-ddhh-es","9":"category-educacion-popular-y-emancipadora-es","10":"category-feminismos-es","11":"category-sin-categorizar","12":"entry"},"acf":[],"_links":{"self":[{"href":"https:\/\/uks.eus\/es\/wp-json\/wp\/v2\/posts\/1535","targetHints":{"allow":["GET"]}}],"collection":[{"href":"https:\/\/uks.eus\/es\/wp-json\/wp\/v2\/posts"}],"about":[{"href":"https:\/\/uks.eus\/es\/wp-json\/wp\/v2\/types\/post"}],"author":[{"embeddable":true,"href":"https:\/\/uks.eus\/es\/wp-json\/wp\/v2\/users\/2"}],"replies":[{"embeddable":true,"href":"https:\/\/uks.eus\/es\/wp-json\/wp\/v2\/comments?post=1535"}],"version-history":[{"count":1,"href":"https:\/\/uks.eus\/es\/wp-json\/wp\/v2\/posts\/1535\/revisions"}],"predecessor-version":[{"id":1537,"href":"https:\/\/uks.eus\/es\/wp-json\/wp\/v2\/posts\/1535\/revisions\/1537"}],"wp:featuredmedia":[{"embeddable":true,"href":"https:\/\/uks.eus\/es\/wp-json\/wp\/v2\/media\/1534"}],"wp:attachment":[{"href":"https:\/\/uks.eus\/es\/wp-json\/wp\/v2\/media?parent=1535"}],"wp:term":[{"taxonomy":"category","embeddable":true,"href":"https:\/\/uks.eus\/es\/wp-json\/wp\/v2\/categories?post=1535"},{"taxonomy":"post_tag","embeddable":true,"href":"https:\/\/uks.eus\/es\/wp-json\/wp\/v2\/tags?post=1535"}],"curies":[{"name":"wp","href":"https:\/\/api.w.org\/{rel}","templated":true}]}}